{"id":8131,"date":"2025-05-28T12:51:30","date_gmt":"2025-05-28T12:51:30","guid":{"rendered":"https:\/\/www.vis-tourism.com\/?p=8131"},"modified":"2025-07-03T03:49:18","modified_gmt":"2025-07-03T03:49:18","slug":"j-a-v-n-i-n-a-t-j-e-c-a-j-za-radno-mjesto-informatora-recepcionera-m-z","status":"publish","type":"post","link":"https:\/\/www.vis-tourism.com\/hr\/novosti\/j-a-v-n-i-n-a-t-j-e-c-a-j-za-radno-mjesto-informatora-recepcionera-m-z\/","title":{"rendered":"JAVNI NATJE\u010cAJ za radno mjesto INFORMATORA -RECEPCIONERA m\/\u017e"},"content":{"rendered":"\n<p><\/p>\n\n\n\n<p><\/p>\n\n\n\n<p>Turisti\u010dka zajednica Grada Visa raspisuje javni natje\u010daj za radno mjesto INFORMATORA &#8211; RECEPCIONERA m\/\u017e na neodre\u0111eno vrijeme, uz probni rok od 6 mjeseci.<\/p>\n\n\n\n<p>Rok za podno\u0161enje prijava je <strong>10. lipnja 2025.<\/strong><\/p>\n\n\n\n<div data-wp-interactive=\"core\/file\" class=\"wp-block-file\"><object data-wp-bind--hidden=\"!state.hasPdfPreview\" hidden class=\"wp-block-file__embed\" data=\"https:\/\/www.vis-tourism.com\/wp-content\/uploads\/2025\/05\/Za-objavu_Javni-natjecaj-Informator_recepcioner-m_z.pdf\" type=\"application\/pdf\" style=\"width:100%;height:600px\" aria-label=\"Ugra\u0111eno Za objavu_Javni natje\u010daj Informator_recepcioner m_\u017e.\"><\/object><a id=\"wp-block-file--media-161c123e-bce6-49b8-a216-c266607a14d6\" href=\"https:\/\/www.vis-tourism.com\/wp-content\/uploads\/2025\/05\/Za-objavu_Javni-natjecaj-Informator_recepcioner-m_z.pdf\">Za objavu_Javni natje\u010daj Informator_recepcioner m_\u017e<\/a><a href=\"https:\/\/www.vis-tourism.com\/wp-content\/uploads\/2025\/05\/Za-objavu_Javni-natjecaj-Informator_recepcioner-m_z.pdf\" class=\"wp-block-file__button wp-element-button\" download aria-describedby=\"wp-block-file--media-161c123e-bce6-49b8-a216-c266607a14d6\">Preuzmi<\/a><\/div>\n","protected":false},"excerpt":{"rendered":"<p>Turisti\u010dka zajednica Grada Visa raspisuje javni natje\u010daj za radno mjesto INFORMATORA &#8211; RECEPCIONERA m\/\u017e na neodre\u0111eno vrijeme, uz probni rok od 6 mjeseci. Rok za podno\u0161enje prijava je 10. lipnja [&hellip;]<\/p>\n","protected":false},"author":1,"featured_media":0,"comment_status":"closed","ping_status":"closed","sticky":false,"template":"","format":"standard","meta":{"footnotes":""},"categories":[3],"tags":[],"class_list":["post-8131","post","type-post","status-publish","format-standard","hentry","category-novosti"],"yoast_head":"<!-- This site is optimized with the Yoast SEO plugin v27.4 - https:\/\/yoast.com\/product\/yoast-seo-wordpress\/ -->\n<title>JAVNI NATJE\u010cAJ za radno mjesto INFORMATORA -RECEPCIONERA m\/\u017e - Turisti\u010dka zajednica grada Visa<\/title>\n<meta name=\"description\" content=\"JAVNI NATJE\u010cAJ za radno mjesto INFORMATORA -RECEPCIONERA m\/\u017e Novosti\" \/>\n<meta name=\"robots\" content=\"index, follow, max-snippet:-1, max-image-preview:large, max-video-preview:-1\" \/>\n<link rel=\"canonical\" href=\"https:\/\/www.vis-tourism.com\/hr\/novosti\/j-a-v-n-i-n-a-t-j-e-c-a-j-za-radno-mjesto-informatora-recepcionera-m-z\/\" \/>\n<meta property=\"og:locale\" content=\"hr_HR\" \/>\n<meta property=\"og:type\" content=\"article\" \/>\n<meta property=\"og:title\" content=\"JAVNI NATJE\u010cAJ za radno mjesto INFORMATORA -RECEPCIONERA m\/\u017e - Turisti\u010dka zajednica grada Visa\" \/>\n<meta property=\"og:description\" content=\"JAVNI NATJE\u010cAJ za radno mjesto INFORMATORA -RECEPCIONERA m\/\u017e Novosti\" \/>\n<meta property=\"og:url\" content=\"https:\/\/www.vis-tourism.com\/hr\/novosti\/j-a-v-n-i-n-a-t-j-e-c-a-j-za-radno-mjesto-informatora-recepcionera-m-z\/\" \/>\n<meta property=\"og:site_name\" content=\"Turisti\u010dka zajednica grada Visa\" \/>\n<meta property=\"article:publisher\" content=\"https:\/\/www.facebook.com\/tzgvis\/\" \/>\n<meta property=\"article:published_time\" content=\"2025-05-28T12:51:30+00:00\" \/>\n<meta property=\"article:modified_time\" content=\"2025-07-03T03:49:18+00:00\" \/>\n<meta property=\"og:image\" content=\"https:\/\/www.vis-tourism.com\/wp-content\/uploads\/2024\/07\/slider-vis.jpeg\" \/>\n\t<meta property=\"og:image:width\" content=\"1280\" \/>\n\t<meta property=\"og:image:height\" content=\"851\" \/>\n\t<meta property=\"og:image:type\" content=\"image\/jpeg\" \/>\n<meta name=\"author\" content=\"tzgvis\" \/>\n<meta name=\"twitter:card\" content=\"summary_large_image\" \/>\n<meta name=\"twitter:label1\" content=\"Napisao\/la\" \/>\n\t<meta name=\"twitter:data1\" content=\"tzgvis\" \/>\n\t<meta name=\"twitter:label2\" content=\"Procijenjeno vrijeme \u010ditanja\" \/>\n\t<meta name=\"twitter:data2\" content=\"1 minuta\" \/>\n<script type=\"application\/ld+json\" class=\"yoast-schema-graph\">{\"@context\":\"https:\\\/\\\/schema.org\",\"@graph\":[{\"@type\":\"Article\",\"@id\":\"https:\\\/\\\/www.vis-tourism.com\\\/hr\\\/novosti\\\/j-a-v-n-i-n-a-t-j-e-c-a-j-za-radno-mjesto-informatora-recepcionera-m-z\\\/#article\",\"isPartOf\":{\"@id\":\"https:\\\/\\\/www.vis-tourism.com\\\/hr\\\/novosti\\\/j-a-v-n-i-n-a-t-j-e-c-a-j-za-radno-mjesto-informatora-recepcionera-m-z\\\/\"},\"author\":{\"name\":\"tzgvis\",\"@id\":\"https:\\\/\\\/www.vis-tourism.com\\\/hr\\\/#\\\/schema\\\/person\\\/6db51b96ea6327aa2b42c5c76570fcd3\"},\"headline\":\"JAVNI NATJE\u010cAJ za radno mjesto INFORMATORA -RECEPCIONERA m\\\/\u017e\",\"datePublished\":\"2025-05-28T12:51:30+00:00\",\"dateModified\":\"2025-07-03T03:49:18+00:00\",\"mainEntityOfPage\":{\"@id\":\"https:\\\/\\\/www.vis-tourism.com\\\/hr\\\/novosti\\\/j-a-v-n-i-n-a-t-j-e-c-a-j-za-radno-mjesto-informatora-recepcionera-m-z\\\/\"},\"wordCount\":50,\"publisher\":{\"@id\":\"https:\\\/\\\/www.vis-tourism.com\\\/hr\\\/#organization\"},\"articleSection\":[\"Novosti\"],\"inLanguage\":\"hr\"},{\"@type\":\"WebPage\",\"@id\":\"https:\\\/\\\/www.vis-tourism.com\\\/hr\\\/novosti\\\/j-a-v-n-i-n-a-t-j-e-c-a-j-za-radno-mjesto-informatora-recepcionera-m-z\\\/\",\"url\":\"https:\\\/\\\/www.vis-tourism.com\\\/hr\\\/novosti\\\/j-a-v-n-i-n-a-t-j-e-c-a-j-za-radno-mjesto-informatora-recepcionera-m-z\\\/\",\"name\":\"JAVNI NATJE\u010cAJ za radno mjesto INFORMATORA -RECEPCIONERA m\\\/\u017e - Turisti\u010dka zajednica grada Visa\",\"isPartOf\":{\"@id\":\"https:\\\/\\\/www.vis-tourism.com\\\/hr\\\/#website\"},\"datePublished\":\"2025-05-28T12:51:30+00:00\",\"dateModified\":\"2025-07-03T03:49:18+00:00\",\"description\":\"JAVNI NATJE\u010cAJ za radno mjesto INFORMATORA -RECEPCIONERA m\\\/\u017e Novosti\",\"breadcrumb\":{\"@id\":\"https:\\\/\\\/www.vis-tourism.com\\\/hr\\\/novosti\\\/j-a-v-n-i-n-a-t-j-e-c-a-j-za-radno-mjesto-informatora-recepcionera-m-z\\\/#breadcrumb\"},\"inLanguage\":\"hr\",\"potentialAction\":[{\"@type\":\"ReadAction\",\"target\":[\"https:\\\/\\\/www.vis-tourism.com\\\/hr\\\/novosti\\\/j-a-v-n-i-n-a-t-j-e-c-a-j-za-radno-mjesto-informatora-recepcionera-m-z\\\/\"]}]},{\"@type\":\"BreadcrumbList\",\"@id\":\"https:\\\/\\\/www.vis-tourism.com\\\/hr\\\/novosti\\\/j-a-v-n-i-n-a-t-j-e-c-a-j-za-radno-mjesto-informatora-recepcionera-m-z\\\/#breadcrumb\",\"itemListElement\":[{\"@type\":\"ListItem\",\"position\":1,\"name\":\"Home\",\"item\":\"https:\\\/\\\/www.vis-tourism.com\\\/hr\\\/\"},{\"@type\":\"ListItem\",\"position\":2,\"name\":\"JAVNI NATJE\u010cAJ za radno mjesto INFORMATORA -RECEPCIONERA m\\\/\u017e\"}]},{\"@type\":\"WebSite\",\"@id\":\"https:\\\/\\\/www.vis-tourism.com\\\/hr\\\/#website\",\"url\":\"https:\\\/\\\/www.vis-tourism.com\\\/hr\\\/\",\"name\":\"Turisti\u010dka zajednica grada Visa\",\"description\":\"Slu\u017ebeni portal Turisti\u010dke zajednice Grada Visa, sve informacije o hotelima kampovima, privatnom smje\u0161taju\",\"publisher\":{\"@id\":\"https:\\\/\\\/www.vis-tourism.com\\\/hr\\\/#organization\"},\"potentialAction\":[{\"@type\":\"SearchAction\",\"target\":{\"@type\":\"EntryPoint\",\"urlTemplate\":\"https:\\\/\\\/www.vis-tourism.com\\\/hr\\\/?s={search_term_string}\"},\"query-input\":{\"@type\":\"PropertyValueSpecification\",\"valueRequired\":true,\"valueName\":\"search_term_string\"}}],\"inLanguage\":\"hr\"},{\"@type\":\"Organization\",\"@id\":\"https:\\\/\\\/www.vis-tourism.com\\\/hr\\\/#organization\",\"name\":\"Turisti\u010dke zajednica grada Visa\",\"url\":\"https:\\\/\\\/www.vis-tourism.com\\\/hr\\\/\",\"logo\":{\"@type\":\"ImageObject\",\"inLanguage\":\"hr\",\"@id\":\"https:\\\/\\\/www.vis-tourism.com\\\/hr\\\/#\\\/schema\\\/logo\\\/image\\\/\",\"url\":\"https:\\\/\\\/www.vis-tourism.com\\\/wp-content\\\/uploads\\\/2024\\\/05\\\/tz-vis-logotip.png\",\"contentUrl\":\"https:\\\/\\\/www.vis-tourism.com\\\/wp-content\\\/uploads\\\/2024\\\/05\\\/tz-vis-logotip.png\",\"width\":800,\"height\":378,\"caption\":\"Turisti\u010dke zajednica grada Visa\"},\"image\":{\"@id\":\"https:\\\/\\\/www.vis-tourism.com\\\/hr\\\/#\\\/schema\\\/logo\\\/image\\\/\"},\"sameAs\":[\"https:\\\/\\\/www.facebook.com\\\/tzgvis\\\/\",\"https:\\\/\\\/www.instagram.com\\\/tzgvis\\\/\",\"https:\\\/\\\/www.youtube.com\\\/@VisTourism\"]},{\"@type\":\"Person\",\"@id\":\"https:\\\/\\\/www.vis-tourism.com\\\/hr\\\/#\\\/schema\\\/person\\\/6db51b96ea6327aa2b42c5c76570fcd3\",\"name\":\"tzgvis\",\"sameAs\":[\"https:\\\/\\\/www.vis-tourism.com\"]}]}<\/script>\n<!-- \/ Yoast SEO plugin. -->","yoast_head_json":{"title":"JAVNI NATJE\u010cAJ za radno mjesto INFORMATORA -RECEPCIONERA m\/\u017e - Turisti\u010dka zajednica grada Visa","description":"JAVNI NATJE\u010cAJ za radno mjesto INFORMATORA -RECEPCIONERA m\/\u017e Novosti","robots":{"index":"index","follow":"follow","max-snippet":"max-snippet:-1","max-image-preview":"max-image-preview:large","max-video-preview":"max-video-preview:-1"},"canonical":"https:\/\/www.vis-tourism.com\/hr\/novosti\/j-a-v-n-i-n-a-t-j-e-c-a-j-za-radno-mjesto-informatora-recepcionera-m-z\/","og_locale":"hr_HR","og_type":"article","og_title":"JAVNI NATJE\u010cAJ za radno mjesto INFORMATORA -RECEPCIONERA m\/\u017e - Turisti\u010dka zajednica grada Visa","og_description":"JAVNI NATJE\u010cAJ za radno mjesto INFORMATORA -RECEPCIONERA m\/\u017e Novosti","og_url":"https:\/\/www.vis-tourism.com\/hr\/novosti\/j-a-v-n-i-n-a-t-j-e-c-a-j-za-radno-mjesto-informatora-recepcionera-m-z\/","og_site_name":"Turisti\u010dka zajednica grada Visa","article_publisher":"https:\/\/www.facebook.com\/tzgvis\/","article_published_time":"2025-05-28T12:51:30+00:00","article_modified_time":"2025-07-03T03:49:18+00:00","og_image":[{"width":1280,"height":851,"url":"https:\/\/www.vis-tourism.com\/wp-content\/uploads\/2024\/07\/slider-vis.jpeg","type":"image\/jpeg"}],"author":"tzgvis","twitter_card":"summary_large_image","twitter_misc":{"Napisao\/la":"tzgvis","Procijenjeno vrijeme \u010ditanja":"1 minuta"},"schema":{"@context":"https:\/\/schema.org","@graph":[{"@type":"Article","@id":"https:\/\/www.vis-tourism.com\/hr\/novosti\/j-a-v-n-i-n-a-t-j-e-c-a-j-za-radno-mjesto-informatora-recepcionera-m-z\/#article","isPartOf":{"@id":"https:\/\/www.vis-tourism.com\/hr\/novosti\/j-a-v-n-i-n-a-t-j-e-c-a-j-za-radno-mjesto-informatora-recepcionera-m-z\/"},"author":{"name":"tzgvis","@id":"https:\/\/www.vis-tourism.com\/hr\/#\/schema\/person\/6db51b96ea6327aa2b42c5c76570fcd3"},"headline":"JAVNI NATJE\u010cAJ za radno mjesto INFORMATORA -RECEPCIONERA m\/\u017e","datePublished":"2025-05-28T12:51:30+00:00","dateModified":"2025-07-03T03:49:18+00:00","mainEntityOfPage":{"@id":"https:\/\/www.vis-tourism.com\/hr\/novosti\/j-a-v-n-i-n-a-t-j-e-c-a-j-za-radno-mjesto-informatora-recepcionera-m-z\/"},"wordCount":50,"publisher":{"@id":"https:\/\/www.vis-tourism.com\/hr\/#organization"},"articleSection":["Novosti"],"inLanguage":"hr"},{"@type":"WebPage","@id":"https:\/\/www.vis-tourism.com\/hr\/novosti\/j-a-v-n-i-n-a-t-j-e-c-a-j-za-radno-mjesto-informatora-recepcionera-m-z\/","url":"https:\/\/www.vis-tourism.com\/hr\/novosti\/j-a-v-n-i-n-a-t-j-e-c-a-j-za-radno-mjesto-informatora-recepcionera-m-z\/","name":"JAVNI NATJE\u010cAJ za radno mjesto INFORMATORA -RECEPCIONERA m\/\u017e - Turisti\u010dka zajednica grada Visa","isPartOf":{"@id":"https:\/\/www.vis-tourism.com\/hr\/#website"},"datePublished":"2025-05-28T12:51:30+00:00","dateModified":"2025-07-03T03:49:18+00:00","description":"JAVNI NATJE\u010cAJ za radno mjesto INFORMATORA -RECEPCIONERA m\/\u017e Novosti","breadcrumb":{"@id":"https:\/\/www.vis-tourism.com\/hr\/novosti\/j-a-v-n-i-n-a-t-j-e-c-a-j-za-radno-mjesto-informatora-recepcionera-m-z\/#breadcrumb"},"inLanguage":"hr","potentialAction":[{"@type":"ReadAction","target":["https:\/\/www.vis-tourism.com\/hr\/novosti\/j-a-v-n-i-n-a-t-j-e-c-a-j-za-radno-mjesto-informatora-recepcionera-m-z\/"]}]},{"@type":"BreadcrumbList","@id":"https:\/\/www.vis-tourism.com\/hr\/novosti\/j-a-v-n-i-n-a-t-j-e-c-a-j-za-radno-mjesto-informatora-recepcionera-m-z\/#breadcrumb","itemListElement":[{"@type":"ListItem","position":1,"name":"Home","item":"https:\/\/www.vis-tourism.com\/hr\/"},{"@type":"ListItem","position":2,"name":"JAVNI NATJE\u010cAJ za radno mjesto INFORMATORA -RECEPCIONERA m\/\u017e"}]},{"@type":"WebSite","@id":"https:\/\/www.vis-tourism.com\/hr\/#website","url":"https:\/\/www.vis-tourism.com\/hr\/","name":"Turisti\u010dka zajednica grada Visa","description":"Slu\u017ebeni portal Turisti\u010dke zajednice Grada Visa, sve informacije o hotelima kampovima, privatnom smje\u0161taju","publisher":{"@id":"https:\/\/www.vis-tourism.com\/hr\/#organization"},"potentialAction":[{"@type":"SearchAction","target":{"@type":"EntryPoint","urlTemplate":"https:\/\/www.vis-tourism.com\/hr\/?s={search_term_string}"},"query-input":{"@type":"PropertyValueSpecification","valueRequired":true,"valueName":"search_term_string"}}],"inLanguage":"hr"},{"@type":"Organization","@id":"https:\/\/www.vis-tourism.com\/hr\/#organization","name":"Turisti\u010dke zajednica grada Visa","url":"https:\/\/www.vis-tourism.com\/hr\/","logo":{"@type":"ImageObject","inLanguage":"hr","@id":"https:\/\/www.vis-tourism.com\/hr\/#\/schema\/logo\/image\/","url":"https:\/\/www.vis-tourism.com\/wp-content\/uploads\/2024\/05\/tz-vis-logotip.png","contentUrl":"https:\/\/www.vis-tourism.com\/wp-content\/uploads\/2024\/05\/tz-vis-logotip.png","width":800,"height":378,"caption":"Turisti\u010dke zajednica grada Visa"},"image":{"@id":"https:\/\/www.vis-tourism.com\/hr\/#\/schema\/logo\/image\/"},"sameAs":["https:\/\/www.facebook.com\/tzgvis\/","https:\/\/www.instagram.com\/tzgvis\/","https:\/\/www.youtube.com\/@VisTourism"]},{"@type":"Person","@id":"https:\/\/www.vis-tourism.com\/hr\/#\/schema\/person\/6db51b96ea6327aa2b42c5c76570fcd3","name":"tzgvis","sameAs":["https:\/\/www.vis-tourism.com"]}]}},"_links":{"self":[{"href":"https:\/\/www.vis-tourism.com\/hr\/wp-json\/wp\/v2\/posts\/8131","targetHints":{"allow":["GET"]}}],"collection":[{"href":"https:\/\/www.vis-tourism.com\/hr\/wp-json\/wp\/v2\/posts"}],"about":[{"href":"https:\/\/www.vis-tourism.com\/hr\/wp-json\/wp\/v2\/types\/post"}],"author":[{"embeddable":true,"href":"https:\/\/www.vis-tourism.com\/hr\/wp-json\/wp\/v2\/users\/1"}],"replies":[{"embeddable":true,"href":"https:\/\/www.vis-tourism.com\/hr\/wp-json\/wp\/v2\/comments?post=8131"}],"version-history":[{"count":2,"href":"https:\/\/www.vis-tourism.com\/hr\/wp-json\/wp\/v2\/posts\/8131\/revisions"}],"predecessor-version":[{"id":8136,"href":"https:\/\/www.vis-tourism.com\/hr\/wp-json\/wp\/v2\/posts\/8131\/revisions\/8136"}],"wp:attachment":[{"href":"https:\/\/www.vis-tourism.com\/hr\/wp-json\/wp\/v2\/media?parent=8131"}],"wp:term":[{"taxonomy":"category","embeddable":true,"href":"https:\/\/www.vis-tourism.com\/hr\/wp-json\/wp\/v2\/categories?post=8131"},{"taxonomy":"post_tag","embeddable":true,"href":"https:\/\/www.vis-tourism.com\/hr\/wp-json\/wp\/v2\/tags?post=8131"}],"curies":[{"name":"wp","href":"https:\/\/api.w.org\/{rel}","templated":true}]}}